{"id":31088,"date":"2026-02-12T09:55:08","date_gmt":"2026-02-12T09:55:08","guid":{"rendered":"https:\/\/veganic.bio\/belvine-biofungicida-para-vinha-controlo-do-mildio-e-do-oidio-sem-residuos\/"},"modified":"2026-02-12T12:39:24","modified_gmt":"2026-02-12T12:39:24","slug":"belvine-biofungicida-para-vinha-controlo-do-mildio-e-do-oidio-sem-residuos","status":"publish","type":"post","link":"https:\/\/veganic.bio\/pt-pt\/belvine-biofungicida-para-vinha-controlo-do-mildio-e-do-oidio-sem-residuos\/","title":{"rendered":"BELVINE\u00ae Biofungicida para Vinha | Controlo do m\u00edldio e do o\u00eddio sem res\u00edduos"},"content":{"rendered":"\t\t<div data-elementor-type=\"wp-post\" data-elementor-id=\"31088\" class=\"elementor elementor-31088 elementor-31068\" data-elementor-post-type=\"post\">\n\t\t\t\t<div data-particle_enable=\"false\" data-particle-mobile-disabled=\"false\" class=\"elementor-element elementor-element-5ac8603 e-flex e-con-boxed e-con e-parent\" data-id=\"5ac8603\" data-element_type=\"container\" data-e-type=\"container\">\n\t\t\t\t\t<div class=\"e-con-inner\">\n\t\t\t\t<div class=\"elementor-element elementor-element-47e82e58 elementor-widget elementor-widget-text-editor\" data-id=\"47e82e58\" data-element_type=\"widget\" data-e-type=\"widget\" data-widget_type=\"text-editor.default\">\n\t\t\t\t\t\t\t\t\t<p><\/p>\n<p>Quando se inicia uma nova campanha vit\u00edcola, a prote\u00e7\u00e3o precoce da cultura torna-se cr\u00edtica. Os est\u00e1dios vegetativos iniciais determinam grande parte do potencial de produ\u00e7\u00e3o e da qualidade das uvas. <\/p>\n<p><\/p>\n<p>BELVINE\u00ae \u00e9 um biofungicida estrat\u00e9gico para a vinha, concebido para proporcionar prote\u00e7\u00e3o preventiva contra o m\u00edldio e o o\u00eddio desde o in\u00edcio do ciclo da cultura.<\/p>\n<p><\/p>\n<p>A sanidade da vinha define diretamente a qualidade da colheita. O BELVINE\u00ae representa um avan\u00e7o significativo na gest\u00e3o sustent\u00e1vel das doen\u00e7as f\u00fangicas. <\/p>\n<p><\/p>\n<h2 class=\"wp-block-heading\"><strong>Prote\u00e7\u00e3o no in\u00edcio da campanha contra o m\u00edldio e o o\u00eddio na vinha<\/strong><\/h2>\n<p><\/p>\n<p>O m\u00edldio (<em>Plasmopara viticola<\/em>) e o o\u00eddio (<em>Erysiphe necator<\/em>) encontram-se entre as doen\u00e7as mais limitantes da viticultura em todo o mundo.<\/p>\n<p><\/p>\n<p>O BELVINE\u00ae atua de forma preventiva, refor\u00e7ando o sistema de defesa natural da videira antes de os pat\u00f3genos estabelecerem a infe\u00e7\u00e3o.<\/p>\n<p><\/p>\n<h2 class=\"wp-block-heading\"><strong>O que \u00e9 o BELVINE\u00ae? Um biofungicida \u00e0 base de ABE-IT 56 de <em>Saccharomyces cerevisiae<\/em> <\/strong><\/h2>\n<p><\/p>\n<p>O BELVINE\u00ae \u00e9 formulado com <strong>ABE-IT 56<\/strong>, um complexo de mol\u00e9culas bioativas derivadas da levedura <em>Saccharomyces cerevisiae<\/em>.<\/p>\n<p><\/p>\n<p>Este composto funciona como um elicitor de defesa das plantas, ativando de forma sustent\u00e1vel os mecanismos naturais de resist\u00eancia da videira.<\/p>\n<p><\/p>\n<p>\u00c9 certificado pela ECOCERT e registado para a agricultura biol\u00f3gica em Espanha e Portugal.<\/p>\n<p><\/p>\t\t\t\t\t\t\t\t<\/div>\n\t\t\t\t<div class=\"elementor-element elementor-element-3b5f196 elementor-widget elementor-widget-video\" data-id=\"3b5f196\" data-element_type=\"widget\" data-e-type=\"widget\" data-settings=\"{&quot;youtube_url&quot;:&quot;https:\\\/\\\/www.youtube.com\\\/shorts\\\/WY9f8Xi41xU&quot;,&quot;video_type&quot;:&quot;youtube&quot;,&quot;controls&quot;:&quot;yes&quot;}\" data-widget_type=\"video.default\">\n\t\t\t\t\t\t\t<div class=\"elementor-wrapper elementor-open-inline\">\n\t\t\t<div class=\"elementor-video\"><\/div>\t\t<\/div>\n\t\t\t\t\t\t<\/div>\n\t\t\t\t<div class=\"elementor-element elementor-element-386e222 elementor-widget elementor-widget-text-editor\" data-id=\"386e222\" data-element_type=\"widget\" data-e-type=\"widget\" data-widget_type=\"text-editor.default\">\n\t\t\t\t\t\t\t\t\t\n<h2 class=\"wp-block-heading\"><strong>Modo de a\u00e7\u00e3o: ativador das defesas das plantas (tecnologia de elicitadores)<\/strong><\/h2>\n\n<p>O ABE-IT 56 estimula os mecanismos de defesa da planta atrav\u00e9s de:<\/p>\n\n<p><strong>Ativa\u00e7\u00e3o das vias do \u00e1cido salic\u00edlico e do \u00e1cido jasm\u00f3nico<\/strong><br>Estas vias coordenam as respostas imunit\u00e1rias da planta, permitindo uma rea\u00e7\u00e3o mais r\u00e1pida e mais forte face \u00e0 press\u00e3o f\u00fangica.<\/p>\n\n<p><strong>Refor\u00e7o estrutural contra a penetra\u00e7\u00e3o f\u00fangica<\/strong><br>Refor\u00e7a as estruturas celulares da planta, dificultando a entrada dos pat\u00f3genos.<\/p>\n\n<p><strong>Sinaliza\u00e7\u00e3o sist\u00e9mica de defesa<\/strong><br>Os sinais de defesa s\u00e3o transmitidos por toda a planta, assegurando prote\u00e7\u00e3o integral.<\/p>\n\n<p>Como n\u00e3o cont\u00e9m microrganismos vivos, o BELVINE\u00ae garante consist\u00eancia molecular, estabilidade e desempenho fi\u00e1vel.<\/p>\n\n<h2 class=\"wp-block-heading\"><strong>Principais benef\u00edcios para programas de Prote\u00e7\u00e3o Integrada (IPM)<\/strong><\/h2>\n\n<ul class=\"wp-block-list\">\n<li>Ativa as defesas naturais sem deixar res\u00edduos.<\/li>\n\n<li>Reduz a depend\u00eancia de fungicidas \u00e0 base de cobre e enxofre.<\/li>\n\n<li>Compat\u00edvel com estrat\u00e9gias de IPM.<\/li>\n\n<li>Aprovado para agricultura biol\u00f3gica.<\/li>\n\n<li>Formula\u00e7\u00e3o l\u00edquida para aplica\u00e7\u00e3o f\u00e1cil e cobertura uniforme.<\/li>\n<\/ul>\n\n<p>O BELVINE\u00ae n\u00e3o atua como um fungicida de contacto tradicional; em vez disso, refor\u00e7a a capacidade de defesa intr\u00ednseca da planta.<\/p>\n\n<h2 class=\"wp-block-heading\"><strong>Uma alternativa sustent\u00e1vel ao cobre e ao enxofre na viticultura<\/strong><\/h2>\n\n<p>A redu\u00e7\u00e3o da acumula\u00e7\u00e3o de metais pesados nas vinhas \u00e9 uma prioridade crescente na agricultura europeia.<\/p>\n\n<p>O BELVINE\u00ae apoia estrat\u00e9gias orientadas para:<\/p>\n\n<ul class=\"wp-block-list\">\n<li>Menor utiliza\u00e7\u00e3o de cobre.<\/li>\n\n<li>Produ\u00e7\u00e3o de uvas sem res\u00edduos.<\/li>\n\n<li>Gest\u00e3o sustent\u00e1vel da vinha.<\/li>\n<\/ul>\n\n<p>Pode ser utilizado:<\/p>\n\n<ul class=\"wp-block-list\">\n<li>Isoladamente em programas de agricultura biol\u00f3gica.<\/li>\n\n<li>Em combina\u00e7\u00e3o com cobre ou enxofre.<\/li>\n\n<li>Em sistemas biol\u00f3gicos, integrados ou convencionais.<\/li>\n<\/ul>\n\n<h2 class=\"wp-block-heading\"><strong>Aplica\u00e7\u00e3o preventiva nas fases de pr\u00e9-flora\u00e7\u00e3o e flora\u00e7\u00e3o<\/strong><\/h2>\n\n<p>Recomenda-se a aplica\u00e7\u00e3o preventiva:<br>\u2022 Na fase de pr\u00e9-flora\u00e7\u00e3o.<br>\u2022 No final da flora\u00e7\u00e3o.<br>\u2022 Em condi\u00e7\u00f5es de elevado risco de doen\u00e7a.<br>A sua flexibilidade permite a integra\u00e7\u00e3o em diversos programas de prote\u00e7\u00e3o da vinha.<\/p>\n\t\t\t\t\t\t\t\t<\/div>\n\t\t\t\t<div class=\"elementor-element elementor-element-86778a6 elementor-widget elementor-widget-video\" data-id=\"86778a6\" data-element_type=\"widget\" data-e-type=\"widget\" data-settings=\"{&quot;youtube_url&quot;:&quot;https:\\\/\\\/www.youtube.com\\\/watch?v=gOFh4h2phfQ&quot;,&quot;video_type&quot;:&quot;youtube&quot;,&quot;controls&quot;:&quot;yes&quot;}\" data-widget_type=\"video.default\">\n\t\t\t\t\t\t\t<div class=\"elementor-wrapper elementor-open-inline\">\n\t\t\t<div class=\"elementor-video\"><\/div>\t\t<\/div>\n\t\t\t\t\t\t<\/div>\n\t\t\t\t<div class=\"elementor-element elementor-element-3d7fb76 elementor-widget elementor-widget-text-editor\" data-id=\"3d7fb76\" data-element_type=\"widget\" data-e-type=\"widget\" data-widget_type=\"text-editor.default\">\n\t\t\t\t\t\t\t\t\t<h2 class=\"wp-block-heading\"><strong>BELVINE\u00ae: biofungicida de nova gera\u00e7\u00e3o para uma viticultura sustent\u00e1vel<\/strong><\/h2>\n<p><\/p>\n<p>Dispon\u00edvel no formato de 5 L e comercializado em Espanha e Portugal, o BELVINE\u00ae representa a nova gera\u00e7\u00e3o de biofungicidas:<\/p>\n<p><\/p>\n<ul class=\"wp-block-list\">\n<li>Eficaz.<\/li>\n\n<li>Sustent\u00e1vel.<\/li>\n\n<li>Sem res\u00edduos.<\/li>\n\n<li>Alinhado com os objetivos da transi\u00e7\u00e3o agr\u00edcola europeia.<\/li>\n<\/ul>\n<p><\/p>\n<p>BELVINE\u00ae: m\u00edldio zero, res\u00edduos zero. Apenas uvas melhores. <\/p>\n<p><\/p>\n<div class=\"wp-block-spacer\" style=\"height: 50px;\" aria-hidden=\"true\"> <\/div>\n<p><\/p>\n<p>Antecipe-se ao m\u00edldio e ao o\u00eddio desde o in\u00edcio da campanha.<br>Integre o BELVINE\u00ae no seu programa e avance para uma viticultura mais sustent\u00e1vel e sem res\u00edduos.<\/p>\n<p><\/p>\n<p>Solicite mais informa\u00e7\u00f5es ou aconselhamento t\u00e9cnico em <a href=\"mailto:info@veganic.bio\">info@veganic.bio<\/a><\/p>\t\t\t\t\t\t\t\t<\/div>\n\t\t\t\t\t<\/div>\n\t\t\t\t<\/div>\n\t\t\t\t<\/div>\n\t\t","protected":false},"excerpt":{"rendered":"<p>Quando se inicia uma nova campanha vit\u00edcola, a prote\u00e7\u00e3o precoce da cultura torna-se cr\u00edtica. Os est\u00e1dios vegetativos iniciais determinam grande parte do potencial de produ\u00e7\u00e3o e da qualidade das uvas. BELVINE\u00ae \u00e9 um biofungicida estrat\u00e9gico para a vinha, concebido para proporcionar prote\u00e7\u00e3o preventiva contra o m\u00edldio e o o\u00eddio desde o in\u00edcio do ciclo da [&hellip;]<\/p>\n","protected":false},"author":6,"featured_media":31089,"comment_status":"closed","ping_status":"closed","sticky":false,"template":"","format":"standard","meta":{"footnotes":""},"categories":[119],"tags":[],"class_list":["post-31088","post","type-post","status-publish","format-standard","has-post-thumbnail","hentry","category-eventos"],"_links":{"self":[{"href":"https:\/\/veganic.bio\/pt-pt\/wp-json\/wp\/v2\/posts\/31088","targetHints":{"allow":["GET"]}}],"collection":[{"href":"https:\/\/veganic.bio\/pt-pt\/wp-json\/wp\/v2\/posts"}],"about":[{"href":"https:\/\/veganic.bio\/pt-pt\/wp-json\/wp\/v2\/types\/post"}],"author":[{"embeddable":true,"href":"https:\/\/veganic.bio\/pt-pt\/wp-json\/wp\/v2\/users\/6"}],"replies":[{"embeddable":true,"href":"https:\/\/veganic.bio\/pt-pt\/wp-json\/wp\/v2\/comments?post=31088"}],"version-history":[{"count":2,"href":"https:\/\/veganic.bio\/pt-pt\/wp-json\/wp\/v2\/posts\/31088\/revisions"}],"predecessor-version":[{"id":31136,"href":"https:\/\/veganic.bio\/pt-pt\/wp-json\/wp\/v2\/posts\/31088\/revisions\/31136"}],"wp:featuredmedia":[{"embeddable":true,"href":"https:\/\/veganic.bio\/pt-pt\/wp-json\/wp\/v2\/media\/31089"}],"wp:attachment":[{"href":"https:\/\/veganic.bio\/pt-pt\/wp-json\/wp\/v2\/media?parent=31088"}],"wp:term":[{"taxonomy":"category","embeddable":true,"href":"https:\/\/veganic.bio\/pt-pt\/wp-json\/wp\/v2\/categories?post=31088"},{"taxonomy":"post_tag","embeddable":true,"href":"https:\/\/veganic.bio\/pt-pt\/wp-json\/wp\/v2\/tags?post=31088"}],"curies":[{"name":"wp","href":"https:\/\/api.w.org\/{rel}","templated":true}]}}